{"id":1092,"date":"2021-01-23T17:20:57","date_gmt":"2021-01-23T16:20:57","guid":{"rendered":"https:\/\/aufprall.net\/a\/?p=1092"},"modified":"2021-01-23T18:17:06","modified_gmt":"2021-01-23T17:17:06","slug":"es-ist-eine-linke-geschichte-zu-der-aber-alle-gehoeren","status":"publish","type":"post","link":"https:\/\/aufprall.net\/a\/es-ist-eine-linke-geschichte-zu-der-aber-alle-gehoeren\/","title":{"rendered":"Es ist eine linke Geschichte, zu der aber alle geh\u00f6ren"},"content":{"rendered":"\n<p>Ein langes Interview mit BudeMunkWieland von Peter Unfried und Jan Feddersen<\/p>\n\n\n\n<figure class=\"wp-block-image alignfull size-large\"><a href=\"https:\/\/aufprall.net\/a\/wp-content\/uploads\/2021\/01\/B1294BDF-F5A7-4D58-A848-DD5D8FC32B4A-scaled.jpeg\" target=\"_blank\" rel=\"noopener\"><img loading=\"lazy\" decoding=\"async\" width=\"1024\" height=\"757\" src=\"https:\/\/aufprall.net\/a\/wp-content\/uploads\/2021\/01\/B1294BDF-F5A7-4D58-A848-DD5D8FC32B4A-1024x757.jpeg\" alt=\"Aufprall Interview tat am wochenende 16.1.2021\" class=\"wp-image-1093\" srcset=\"https:\/\/aufprall.net\/a\/wp-content\/uploads\/2021\/01\/B1294BDF-F5A7-4D58-A848-DD5D8FC32B4A-1024x757.jpeg 1024w, https:\/\/aufprall.net\/a\/wp-content\/uploads\/2021\/01\/B1294BDF-F5A7-4D58-A848-DD5D8FC32B4A-300x222.jpeg 300w, https:\/\/aufprall.net\/a\/wp-content\/uploads\/2021\/01\/B1294BDF-F5A7-4D58-A848-DD5D8FC32B4A-768x568.jpeg 768w, https:\/\/aufprall.net\/a\/wp-content\/uploads\/2021\/01\/B1294BDF-F5A7-4D58-A848-DD5D8FC32B4A-1536x1136.jpeg 1536w, https:\/\/aufprall.net\/a\/wp-content\/uploads\/2021\/01\/B1294BDF-F5A7-4D58-A848-DD5D8FC32B4A-2048x1515.jpeg 2048w, https:\/\/aufprall.net\/a\/wp-content\/uploads\/2021\/01\/B1294BDF-F5A7-4D58-A848-DD5D8FC32B4A-1200x888.jpeg 1200w, https:\/\/aufprall.net\/a\/wp-content\/uploads\/2021\/01\/B1294BDF-F5A7-4D58-A848-DD5D8FC32B4A-1980x1465.jpeg 1980w\" sizes=\"auto, (max-width: 1024px) 100vw, 1024px\" \/><\/a><\/figure>\n\n\n\n<p><a href=\"https:\/\/taz.de\/!5741496\/\" target=\"_blank\" rel=\"noopener\">zum Artikel<\/a><\/p>\n\n\n\n<p><strong><br>taz: Frau Munk, Frau Wieland, Herr Bude, warum haben Sie diesen Roman zu dritt geschrieben?<\/strong><\/p>\n\n\n\n<p><strong>Karin Wieland:<\/strong>&nbsp;Das ist Ausdruck unserer Freundschaft, die die Grundlage unserer kollaborativen Praxis ist. Das hat nichts mit Sharing zu tun. Es gibt nicht die eine dominante Erz\u00e4hlung, wo einer oder eine wei\u00df, wie es l\u00e4uft. In AUFPRALL erz\u00e4hlen ein weibliches und ein m\u00e4nnliches Ich, Luise und Thomas, und ein Wir. Im Ich sind Liebe, Zweifel, Einsamkeit und Schmerz aufgehoben, im Chor des Wir die politische Aktion, der Druck von innen und au\u00dfen, die anti-individualistischen Anforderungen des revolution\u00e4ren Alltags. Das ist im \u00dcbrigen ein weiblicher Chor. Und dann ist da dieses eine furchtbare Erlebnis, das Thomas und Luise teilen.<\/p>\n","protected":false},"excerpt":{"rendered":"<p>Ein langes Interview mit BudeMunkWieland von Peter Unfried und Jan Feddersen zum Artikel taz: Frau Munk, Frau Wieland, Herr Bude, warum haben Sie diesen Roman zu dritt geschrieben? Karin Wieland:&nbsp;Das ist Ausdruck unserer Freundschaft, die die Grundlage unserer kollaborativen Praxis ist. Das hat nichts mit Sharing zu tun. Es gibt nicht die eine dominante Erz\u00e4hlung, [&hellip;]<\/p>\n","protected":false},"author":2,"featured_media":0,"comment_status":"closed","ping_status":"open","sticky":false,"template":"","format":"standard","meta":{"footnotes":""},"categories":[33,4,24],"tags":[],"post_folder":[],"class_list":["post-1092","post","type-post","status-publish","format-standard","hentry","category-interview","category-neuerscheinung","category-rezension"],"_links":{"self":[{"href":"https:\/\/aufprall.net\/a\/wp-json\/wp\/v2\/posts\/1092","targetHints":{"allow":["GET"]}}],"collection":[{"href":"https:\/\/aufprall.net\/a\/wp-json\/wp\/v2\/posts"}],"about":[{"href":"https:\/\/aufprall.net\/a\/wp-json\/wp\/v2\/types\/post"}],"author":[{"embeddable":true,"href":"https:\/\/aufprall.net\/a\/wp-json\/wp\/v2\/users\/2"}],"replies":[{"embeddable":true,"href":"https:\/\/aufprall.net\/a\/wp-json\/wp\/v2\/comments?post=1092"}],"version-history":[{"count":8,"href":"https:\/\/aufprall.net\/a\/wp-json\/wp\/v2\/posts\/1092\/revisions"}],"predecessor-version":[{"id":1102,"href":"https:\/\/aufprall.net\/a\/wp-json\/wp\/v2\/posts\/1092\/revisions\/1102"}],"wp:attachment":[{"href":"https:\/\/aufprall.net\/a\/wp-json\/wp\/v2\/media?parent=1092"}],"wp:term":[{"taxonomy":"category","embeddable":true,"href":"https:\/\/aufprall.net\/a\/wp-json\/wp\/v2\/categories?post=1092"},{"taxonomy":"post_tag","embeddable":true,"href":"https:\/\/aufprall.net\/a\/wp-json\/wp\/v2\/tags?post=1092"},{"taxonomy":"post_folder","embeddable":true,"href":"https:\/\/aufprall.net\/a\/wp-json\/wp\/v2\/post_folder?post=1092"}],"curies":[{"name":"wp","href":"https:\/\/api.w.org\/{rel}","templated":true}]}}